{"id":744,"date":"2023-08-24T00:42:41","date_gmt":"2023-08-23T22:42:41","guid":{"rendered":"https:\/\/treeofhope.ro\/?p=744"},"modified":"2023-08-24T00:48:34","modified_gmt":"2023-08-23T22:48:34","slug":"felkeszules-egy-uj-elet-fogadasara-6-hetes-szulesfelkeszito-tanfolyam-szeptember-4","status":"publish","type":"post","link":"https:\/\/treeofhope.ro\/hu\/esemenyek\/felkeszules-egy-uj-elet-fogadasara-6-hetes-szulesfelkeszito-tanfolyam-szeptember-4\/","title":{"rendered":"Felk\u00e9sz\u00fcl\u00e9s egy \u00faj \u00e9let fogad\u00e1s\u00e1ra &#8211; 6 hetes sz\u00fcl\u00e9sfelk\u00e9sz\u00edt\u0151 tanfolyam &#8211; Szeptember 4."},"content":{"rendered":"<p>Kiscsoportos felk\u00e9sz\u00edt\u0151 mindazok sz\u00e1m\u00e1ra, akik bet\u00f6lt\u00f6tt\u00e9k 24. v\u00e1rand\u00f3ss\u00e1gi het\u00fcket \u00e9s fontosnak \u00e9rzik, hogy gyermek\u00fck sz\u00fclet\u00e9sekor \u00e9s az ezt k\u00f6vet\u0151 gyermek\u00e1gyi id\u0151szakban hasznos inform\u00e1ci\u00f3kkal rendelkezzenek.<\/p>\n<p><b>D\u00e1tum:<\/b><\/p>\n<p>Szeptember 4 &#8211; Okt\u00f3ber 9. (6 h\u00e9ten \u00e1t, minden h\u00e9tf\u0151n 17:00 \u00f3r\u00e1t\u00f3l, 2-2,5 \u00f3r\u00e1s alkalmak)<\/p>\n<p><b>Helysz\u00edn:<\/b><\/p>\n<p>Marosv\u00e1s\u00e1rhelyen, K\u00f3s K\u00e1roly utca 1\/A<\/p>\n<p><b>Felk\u00e9sz\u00edt\u0151k:<\/b><\/p>\n<p>Zolyomi K\u00e1rmen R\u00e9ka &amp; Don\u00e1th Em\u0151ke &#8211; Szakk\u00e9pzett \u00e9s szakm\u00e1jukban akt\u00edv sz\u00fcl\u00e9szn\u0151k, akik a hossz\u00fa \u00e9vek sor\u00e1n felhalmozott elm\u00e9leti tud\u00e1s mellett sz\u00e1mtalan gyakorlati tapasztalattal is rendelekeznek.<\/p>\n<p><b>R\u00e9szv\u00e9teli d\u00edj:<\/b><\/p>\n<p>Mind a 6 alkalmon r\u00e9sztvev\u0151k sz\u00e1m\u00e1ra 20% kedvezm\u00e9ny j\u00e1r, \u00edgy 900 RON helyett 720 RON-ba ker\u00fcl a 6 hetes felk\u00e9sz\u00edt\u0151. Azok sz\u00e1m\u00e1ra, akik csak bizonyos alkalmakon szeretn\u00e9nek r\u00e9szt venni, egy alkalom \u00e1ra 150 RON. A r\u00e9szv\u00e9teli d\u00edj tartalmazza a p\u00e1ros bel\u00e9p\u0151t ap\u00e1k sz\u00e1m\u00e1ra is.<\/p>\n<p>*** Ap\u00e1k r\u00e9szv\u00e9tele eset\u00e9n csecsem\u0151gondoz\u00e1si bizony\u00edtv\u00e1ny j\u00e1r, amely +10 nap fizetett szabads\u00e1gra jogos\u00edtja az ap\u00e1t az \u00fajsz\u00fcl\u00f6tt \u00e9rkez\u00e9se ut\u00e1n.<\/p>\n<p>Magyarosi R\u00e9ka j\u00f3volt\u00e1b\u00f3l aj\u00e1nd\u00e9k kismama fot\u00f3z\u00e1st sorsolunk ki azon kismam\u00e1k k\u00f6r\u00e9ben, akik mind a 6 alkalmon r\u00e9szt vesznek.<\/p>\n<p><b>1. alkalom: Lelki folyamatok a v\u00e1rand\u00f3ss\u00e1g \u00e9s sz\u00fcl\u00e9s h\u00e1tter\u00e9ben<\/b><\/p>\n<p>&#8211; A v\u00e1rand\u00f3s testi-lelki-szellemi eg\u00e9szs\u00e9ge<\/p>\n<p>&#8211; Az any\u00e1ban zajl\u00f3 lelki v\u00e1ltoz\u00e1sok hat\u00e1sa a sz\u00fcletend\u0151 gyermekre<\/p>\n<p>&#8211; A v\u00e1ltoz\u00e1sokat ir\u00e1ny\u00edt\u00f3 k\u00f6zpont<\/p>\n<p>&#8211; V\u00e1rand\u00f3ss\u00e1g alatti v\u00e1ltoz\u00e1sok mindh\u00e1rom trimeszterre bontva<\/p>\n<p>&#8211; Mikor kezd\u00fcnk el k\u00e9sz\u00fclni a sz\u00fcl\u00e9s\u00fcnkre?<\/p>\n<p>&#8211; Baba-mama sz\u00fcl\u00e9s\u00e9lm\u00e9ny<\/p>\n<p>&#8211; Mivel seg\u00edtj\u00fck a vaj\u00fad\u00e1st?<\/p>\n<p>&#8211; Hogyan \u00e9rhet\u00fcnk el sz\u00e9p sz\u00fcl\u00e9s\u00e9lm\u00e9nyt?<\/p>\n<p>&#8211; Sz\u00fcl\u00e9si terv sz\u00fcks\u00e9gess\u00e9ge<\/p>\n<p><b>2. alkalom: \u00c9lettani vaj\u00fad\u00e1s \u00e9s sz\u00fcl\u00e9s<\/b><\/p>\n<p>&#8211; Vaj\u00fad\u00e1s vagy csak j\u00f3sl\u00f3 f\u00e1j\u00e1sok?<\/p>\n<p>&#8211; Mikor kell k\u00f3rh\u00e1zba indulni?<\/p>\n<p>&#8211; Mi t\u00f6rt\u00e9nik azzal kezd\u0151d\u0151en, hogy bel\u00e9p\u00fcnk a k\u00f3rh\u00e1zba?<\/p>\n<p>&#8211; Vaj\u00fad\u00e1st kiv\u00e1lt\u00f3 t\u00e9nyez\u0151k<\/p>\n<p>&#8211; A vaj\u00fad\u00e1s szakaszai<\/p>\n<p>&#8211; Sz\u00fcl\u00e9sk\u00f6nny\u00edt\u0151 m\u00f3dszerek<\/p>\n<p>&#8211; Els\u0151 k\u00e9t \u00f3ra a bab\u00e1val<\/p>\n<p>&#8211; Beavatkoz\u00e1si lehet\u0151s\u00e9gek a sz\u00fcl\u0151szob\u00e1n<\/p>\n<p>&#8211; H\u00fcvelyi sz\u00fcl\u00e9s m\u00e1sk\u00e9nt<\/p>\n<p>&#8211; Mikor nem mehet v\u00e9gbe h\u00fcvelyi \u00faton a sz\u00fcl\u00e9s?<\/p>\n<p>&#8211; Cs\u00e1sz\u00e1rmetsz\u00e9s lehet\u0151s\u00e9ge<\/p>\n<p>&#8211; G\u00e1tizom felk\u00e9sz\u00edt\u00e9se<\/p>\n<p>&#8211; \u00c9sszer\u0171 csomagol\u00e1s<\/p>\n<p><b>3. alkalom: A gyermek\u00e1gy kih\u00edv\u00e1sai<\/b><\/p>\n<p>&#8211; A csal\u00e1d &#8222;sz\u00fclet\u00e9se&#8221;<\/p>\n<p>&#8211; Gyermek\u00e1gy a kult\u00far\u00e1lis soksz\u00edn\u0171s\u00e9g jegy\u00e9ben<\/p>\n<p>&#8211; Gyermek\u00e1gyi peri\u00f3dus orvosi szemsz\u00f6gb\u0151l (invol\u00faci\u00f3, sebgy\u00f3gyul\u00e1s, evol\u00faci\u00f3s hat\u00e1sok)<\/p>\n<p>&#8211; Korai \u00e9s k\u00e9s\u0151i gyermek\u00e1gy<\/p>\n<p>&#8211; A szoptat\u00e1s kezdete<\/p>\n<p>&#8211; A legels\u0151 t\u00e1pl\u00e1l\u00e9ka az \u00fajsz\u00fcl\u00f6ttnek<\/p>\n<p>&#8211; Hormon\u00e1lis v\u00e1ltoz\u00e1sok \u00e9s hat\u00e1sai a gyermek\u00e1gyi peri\u00f3dusban<\/p>\n<p>&#8211; Sz\u00fcl\u00e9s ut\u00e1ni lelki probl\u00e9m\u00e1k<\/p>\n<p>&#8211; Hogyan seg\u00edts\u00fcnk \u00e9s hogyan ne<\/p>\n<p>&#8211; Ap\u00e1v\u00e1 v\u00e1l\u00e1s folyamata<\/p>\n<p>&#8211; Els\u0151 menstru\u00e1ci\u00f3 \u00e9s testis\u00e9g<\/p>\n<p>&#8211; Medencefen\u00e9k izmainak regener\u00e1l\u00e1sa<\/p>\n<p>&#8211; Cs\u00e1sz\u00e1ros gyermek\u00e1gyas<\/p>\n<p>&#8211; Gyermek\u00e1gyi terv<\/p>\n<p><b>4. alkalom: V\u00e1rand\u00f3ss\u00e1g \u00e9s gyermek\u00e1gy \u00e9trend szempontb\u00f3l<\/b><\/p>\n<p>&#8211; Kiegyens\u00falyozott t\u00e1pl\u00e1lkoz\u00e1s<\/p>\n<p>&#8211; Az energia \u00e9s t\u00e1panyagbevitel jellemz\u0151i v\u00e1rand\u00f3ss\u00e1g alatt<\/p>\n<p>&#8211; \u00c1sv\u00e1nyi anyag- \u00e9s vitaminsz\u00fcks\u00e9glet<\/p>\n<p>&#8211; T\u00e1panyag forr\u00e1sok<\/p>\n<p>&#8211; Tan\u00e1csok a nyersanyagok kiv\u00e1laszt\u00e1s\u00e1hoz<\/p>\n<p>&#8211; \u00c9lvezeti szerek v\u00e1rand\u00f3ss\u00e1g alatt<\/p>\n<p>&#8211; \u00c9lelmiszerbiztons\u00e1g<\/p>\n<p>&#8211; T\u00e1pl\u00e1lkoz\u00e1si \u00e9s \u00e9letm\u00f3dtan\u00e1csok<\/p>\n<p>&#8211; A veget\u00e1ri\u00e1nus \u00e9s veg\u00e1n kismama t\u00e1pl\u00e1lkoz\u00e1sa<\/p>\n<p><b>5. alkalom: A legjobb, amit adhatsz &#8211; az anyatejes t\u00e1pl\u00e1l\u00e1s<\/b><\/p>\n<p>&#8211; Korok, szok\u00e1sok \u00e9s napjaink aj\u00e1nl\u00e1sai<\/p>\n<p>&#8211; A szoptat\u00e1s \u00e9lettana<\/p>\n<p>&#8211; Az anyatej \u00f6sszet\u00e9tele<\/p>\n<p>&#8211; Az anyatejes t\u00e1pl\u00e1l\u00e1s kulcsa<\/p>\n<p>&#8211; Az ig\u00e9ny szerinti szoptat\u00e1s<\/p>\n<p>&#8211; A szoptat\u00e1s k\u00f6r\u00fcli neh\u00e9zs\u00e9gek<\/p>\n<p>&#8211; Eml\u0151vel-, eml\u0151bimb\u00f3val \u00f6sszef\u00fcgg\u0151 probl\u00e9m\u00e1k<\/p>\n<p>&#8211; K\u00fcl\u00f6nleges kih\u00edv\u00e1sok<\/p>\n<p>&#8211; Eml\u0151\u00e1pol\u00e1s<\/p>\n<p>&#8211; Galaktog\u00f3gumok<\/p>\n<p><b>6. alkalom: Csecsem\u0151gondoz\u00e1si alapismeretek<\/b><\/p>\n<p>&#8211; Els\u0151 hath\u00e9t kih\u00edv\u00e1sai<\/p>\n<p>&#8211; \u00dajsz\u00fcl\u00f6tt szob\u00e1j\u00e1nak berendez\u00e9se, h\u0151m\u00e9rs\u00e9klet, f\u00e9nyek, hangok<\/p>\n<p>&#8211; Tiszt\u00e1ba t\u00e9tel, f\u00fcrdet\u00e9s, \u00f6lt\u00f6ztet\u00e9s<\/p>\n<p>&#8211; Altat\u00e1s<\/p>\n<p>&#8211; Els\u0151 s\u00e9ta<\/p>\n<p>&#8211; Mellre helyez\u00e9s<\/p>\n<p>&#8211; Anyatej fej\u00e9se, t\u00e1rol\u00e1sa<\/p>\n<p>&#8211; \u00dajsz\u00fcl\u00f6tt-anya egys\u00e9g<\/p>\n<p>&#8211; Gyermek\u00e1gy-anyatest<\/p>\n<p>&#8211; Apa szerep<\/p>\n<p>Szeretettel v\u00e1runk!\ud83e\udd30\ud83c\udffb\ud83e\udd31\ud83c\udffb\ud83d\udc76\ud83c\udffb<\/p>\n","protected":false},"excerpt":{"rendered":"<p>Kiscsoportos felk\u00e9sz\u00edt\u0151 mindazok sz\u00e1m\u00e1ra, akik bet\u00f6lt\u00f6tt\u00e9k 24. v\u00e1rand\u00f3ss\u00e1gi het\u00fcket \u00e9s fontosnak \u00e9rzik, hogy gyermek\u00fck sz\u00fclet\u00e9sekor \u00e9s az ezt k\u00f6vet\u0151 gyermek\u00e1gyi id\u0151szakban hasznos inform\u00e1ci\u00f3kkal rendelkezzenek.<\/p>\n","protected":false},"author":2,"featured_media":745,"comment_status":"closed","ping_status":"closed","sticky":false,"template":"","format":"standard","meta":[],"categories":[17],"tags":[],"yoast_head":"<!-- This site is optimized with the Yoast SEO plugin v21.7 - https:\/\/yoast.com\/wordpress\/plugins\/seo\/ -->\n<title>Felk\u00e9sz\u00fcl\u00e9s egy \u00faj \u00e9let fogad\u00e1s\u00e1ra - 6 hetes sz\u00fcl\u00e9sfelk\u00e9sz\u00edt\u0151 tanfolyam - Szeptember 4. - Tree of Hope<\/title>\n<meta name=\"robots\" content=\"index, follow, max-snippet:-1, max-image-preview:large, max-video-preview:-1\" \/>\n<link rel=\"canonical\" href=\"https:\/\/treeofhope.ro\/esemenyek\/felkeszules-egy-uj-elet-fogadasara-6-hetes-szulesfelkeszito-tanfolyam-szeptember-4\/\" \/>\n<meta property=\"og:locale\" content=\"hu_HU\" \/>\n<meta property=\"og:type\" content=\"article\" \/>\n<meta property=\"og:title\" content=\"Felk\u00e9sz\u00fcl\u00e9s egy \u00faj \u00e9let fogad\u00e1s\u00e1ra - 6 hetes sz\u00fcl\u00e9sfelk\u00e9sz\u00edt\u0151 tanfolyam - Szeptember 4. - Tree of Hope\" \/>\n<meta property=\"og:description\" content=\"Kiscsoportos felk\u00e9sz\u00edt\u0151 mindazok sz\u00e1m\u00e1ra, akik bet\u00f6lt\u00f6tt\u00e9k 24. v\u00e1rand\u00f3ss\u00e1gi het\u00fcket \u00e9s fontosnak \u00e9rzik, hogy gyermek\u00fck sz\u00fclet\u00e9sekor \u00e9s az ezt k\u00f6vet\u0151 gyermek\u00e1gyi id\u0151szakban hasznos inform\u00e1ci\u00f3kkal rendelkezzenek.\" \/>\n<meta property=\"og:url\" content=\"https:\/\/treeofhope.ro\/esemenyek\/felkeszules-egy-uj-elet-fogadasara-6-hetes-szulesfelkeszito-tanfolyam-szeptember-4\/\" \/>\n<meta property=\"og:site_name\" content=\"Tree of Hope\" \/>\n<meta property=\"article:publisher\" content=\"https:\/\/www.facebook.com\/profile.php?id=100091503315415\" \/>\n<meta property=\"article:published_time\" content=\"2023-08-23T22:42:41+00:00\" \/>\n<meta property=\"article:modified_time\" content=\"2023-08-23T22:48:34+00:00\" \/>\n<meta property=\"og:image\" content=\"https:\/\/treeofhope.ro\/wp-content\/uploads\/2023\/08\/Tree-of-hope_event-9-1024x1005.png\" \/>\n\t<meta property=\"og:image:width\" content=\"1024\" \/>\n\t<meta property=\"og:image:height\" content=\"1005\" \/>\n\t<meta property=\"og:image:type\" content=\"image\/png\" \/>\n<meta name=\"author\" content=\"zreka\" \/>\n<meta name=\"twitter:card\" content=\"summary_large_image\" \/>\n<meta name=\"twitter:label1\" content=\"Written by\" \/>\n\t<meta name=\"twitter:data1\" content=\"zreka\" \/>\n\t<meta name=\"twitter:label2\" content=\"Est. reading time\" \/>\n\t<meta name=\"twitter:data2\" content=\"4 perc\" \/>\n<script type=\"application\/ld+json\" class=\"yoast-schema-graph\">{\"@context\":\"https:\/\/schema.org\",\"@graph\":[{\"@type\":\"Article\",\"@id\":\"https:\/\/treeofhope.ro\/esemenyek\/felkeszules-egy-uj-elet-fogadasara-6-hetes-szulesfelkeszito-tanfolyam-szeptember-4\/#article\",\"isPartOf\":{\"@id\":\"https:\/\/treeofhope.ro\/esemenyek\/felkeszules-egy-uj-elet-fogadasara-6-hetes-szulesfelkeszito-tanfolyam-szeptember-4\/\"},\"author\":{\"name\":\"zreka\",\"@id\":\"https:\/\/treeofhope.ro\/#\/schema\/person\/baf2daa5a19c6cf3f866a9d4bfa7a4fc\"},\"headline\":\"Felk\u00e9sz\u00fcl\u00e9s egy \u00faj \u00e9let fogad\u00e1s\u00e1ra &#8211; 6 hetes sz\u00fcl\u00e9sfelk\u00e9sz\u00edt\u0151 tanfolyam &#8211; Szeptember 4.\",\"datePublished\":\"2023-08-23T22:42:41+00:00\",\"dateModified\":\"2023-08-23T22:48:34+00:00\",\"mainEntityOfPage\":{\"@id\":\"https:\/\/treeofhope.ro\/esemenyek\/felkeszules-egy-uj-elet-fogadasara-6-hetes-szulesfelkeszito-tanfolyam-szeptember-4\/\"},\"wordCount\":875,\"publisher\":{\"@id\":\"https:\/\/treeofhope.ro\/#organization\"},\"articleSection\":[\"Esemenyek\"],\"inLanguage\":\"hu\"},{\"@type\":\"WebPage\",\"@id\":\"https:\/\/treeofhope.ro\/esemenyek\/felkeszules-egy-uj-elet-fogadasara-6-hetes-szulesfelkeszito-tanfolyam-szeptember-4\/\",\"url\":\"https:\/\/treeofhope.ro\/esemenyek\/felkeszules-egy-uj-elet-fogadasara-6-hetes-szulesfelkeszito-tanfolyam-szeptember-4\/\",\"name\":\"Felk\u00e9sz\u00fcl\u00e9s egy \u00faj \u00e9let fogad\u00e1s\u00e1ra - 6 hetes sz\u00fcl\u00e9sfelk\u00e9sz\u00edt\u0151 tanfolyam - Szeptember 4. - Tree of Hope\",\"isPartOf\":{\"@id\":\"https:\/\/treeofhope.ro\/#website\"},\"datePublished\":\"2023-08-23T22:42:41+00:00\",\"dateModified\":\"2023-08-23T22:48:34+00:00\",\"breadcrumb\":{\"@id\":\"https:\/\/treeofhope.ro\/esemenyek\/felkeszules-egy-uj-elet-fogadasara-6-hetes-szulesfelkeszito-tanfolyam-szeptember-4\/#breadcrumb\"},\"inLanguage\":\"hu\",\"potentialAction\":[{\"@type\":\"ReadAction\",\"target\":[\"https:\/\/treeofhope.ro\/esemenyek\/felkeszules-egy-uj-elet-fogadasara-6-hetes-szulesfelkeszito-tanfolyam-szeptember-4\/\"]}]},{\"@type\":\"BreadcrumbList\",\"@id\":\"https:\/\/treeofhope.ro\/esemenyek\/felkeszules-egy-uj-elet-fogadasara-6-hetes-szulesfelkeszito-tanfolyam-szeptember-4\/#breadcrumb\",\"itemListElement\":[{\"@type\":\"ListItem\",\"position\":1,\"name\":\"Home\",\"item\":\"https:\/\/treeofhope.ro\/hu\/\"},{\"@type\":\"ListItem\",\"position\":2,\"name\":\"Felk\u00e9sz\u00fcl\u00e9s egy \u00faj \u00e9let fogad\u00e1s\u00e1ra &#8211; 6 hetes sz\u00fcl\u00e9sfelk\u00e9sz\u00edt\u0151 tanfolyam &#8211; Szeptember 4.\"}]},{\"@type\":\"WebSite\",\"@id\":\"https:\/\/treeofhope.ro\/#website\",\"url\":\"https:\/\/treeofhope.ro\/\",\"name\":\"Tree of Hope\",\"description\":\"Sz\u00fcl\u00e9sfelk\u00e9sz\u00edt\u0151k, csecsem\u0151gondoz\u00e1s, els\u0151seg\u00e9ly tanfolyam, terhestorna.\",\"publisher\":{\"@id\":\"https:\/\/treeofhope.ro\/#organization\"},\"potentialAction\":[{\"@type\":\"SearchAction\",\"target\":{\"@type\":\"EntryPoint\",\"urlTemplate\":\"https:\/\/treeofhope.ro\/?s={search_term_string}\"},\"query-input\":\"required name=search_term_string\"}],\"inLanguage\":\"hu\"},{\"@type\":\"Organization\",\"@id\":\"https:\/\/treeofhope.ro\/#organization\",\"name\":\"Tree of Hope\",\"url\":\"https:\/\/treeofhope.ro\/\",\"logo\":{\"@type\":\"ImageObject\",\"inLanguage\":\"hu\",\"@id\":\"https:\/\/treeofhope.ro\/#\/schema\/logo\/image\/\",\"url\":\"https:\/\/treeofhope.ro\/wp-content\/uploads\/2023\/04\/logo-treeofhope-150.png\",\"contentUrl\":\"https:\/\/treeofhope.ro\/wp-content\/uploads\/2023\/04\/logo-treeofhope-150.png\",\"width\":150,\"height\":150,\"caption\":\"Tree of Hope\"},\"image\":{\"@id\":\"https:\/\/treeofhope.ro\/#\/schema\/logo\/image\/\"},\"sameAs\":[\"https:\/\/www.facebook.com\/profile.php?id=100091503315415\"]},{\"@type\":\"Person\",\"@id\":\"https:\/\/treeofhope.ro\/#\/schema\/person\/baf2daa5a19c6cf3f866a9d4bfa7a4fc\",\"name\":\"zreka\",\"url\":\"https:\/\/treeofhope.ro\/hu\/author\/zreka\/\"}]}<\/script>\n<!-- \/ Yoast SEO plugin. -->","yoast_head_json":{"title":"Felk\u00e9sz\u00fcl\u00e9s egy \u00faj \u00e9let fogad\u00e1s\u00e1ra - 6 hetes sz\u00fcl\u00e9sfelk\u00e9sz\u00edt\u0151 tanfolyam - Szeptember 4. - Tree of Hope","robots":{"index":"index","follow":"follow","max-snippet":"max-snippet:-1","max-image-preview":"max-image-preview:large","max-video-preview":"max-video-preview:-1"},"canonical":"https:\/\/treeofhope.ro\/esemenyek\/felkeszules-egy-uj-elet-fogadasara-6-hetes-szulesfelkeszito-tanfolyam-szeptember-4\/","og_locale":"hu_HU","og_type":"article","og_title":"Felk\u00e9sz\u00fcl\u00e9s egy \u00faj \u00e9let fogad\u00e1s\u00e1ra - 6 hetes sz\u00fcl\u00e9sfelk\u00e9sz\u00edt\u0151 tanfolyam - Szeptember 4. - Tree of Hope","og_description":"Kiscsoportos felk\u00e9sz\u00edt\u0151 mindazok sz\u00e1m\u00e1ra, akik bet\u00f6lt\u00f6tt\u00e9k 24. v\u00e1rand\u00f3ss\u00e1gi het\u00fcket \u00e9s fontosnak \u00e9rzik, hogy gyermek\u00fck sz\u00fclet\u00e9sekor \u00e9s az ezt k\u00f6vet\u0151 gyermek\u00e1gyi id\u0151szakban hasznos inform\u00e1ci\u00f3kkal rendelkezzenek.","og_url":"https:\/\/treeofhope.ro\/esemenyek\/felkeszules-egy-uj-elet-fogadasara-6-hetes-szulesfelkeszito-tanfolyam-szeptember-4\/","og_site_name":"Tree of Hope","article_publisher":"https:\/\/www.facebook.com\/profile.php?id=100091503315415","article_published_time":"2023-08-23T22:42:41+00:00","article_modified_time":"2023-08-23T22:48:34+00:00","og_image":[{"width":1024,"height":1005,"url":"https:\/\/treeofhope.ro\/wp-content\/uploads\/2023\/08\/Tree-of-hope_event-9-1024x1005.png","type":"image\/png"}],"author":"zreka","twitter_card":"summary_large_image","twitter_misc":{"Written by":"zreka","Est. reading time":"4 perc"},"schema":{"@context":"https:\/\/schema.org","@graph":[{"@type":"Article","@id":"https:\/\/treeofhope.ro\/esemenyek\/felkeszules-egy-uj-elet-fogadasara-6-hetes-szulesfelkeszito-tanfolyam-szeptember-4\/#article","isPartOf":{"@id":"https:\/\/treeofhope.ro\/esemenyek\/felkeszules-egy-uj-elet-fogadasara-6-hetes-szulesfelkeszito-tanfolyam-szeptember-4\/"},"author":{"name":"zreka","@id":"https:\/\/treeofhope.ro\/#\/schema\/person\/baf2daa5a19c6cf3f866a9d4bfa7a4fc"},"headline":"Felk\u00e9sz\u00fcl\u00e9s egy \u00faj \u00e9let fogad\u00e1s\u00e1ra &#8211; 6 hetes sz\u00fcl\u00e9sfelk\u00e9sz\u00edt\u0151 tanfolyam &#8211; Szeptember 4.","datePublished":"2023-08-23T22:42:41+00:00","dateModified":"2023-08-23T22:48:34+00:00","mainEntityOfPage":{"@id":"https:\/\/treeofhope.ro\/esemenyek\/felkeszules-egy-uj-elet-fogadasara-6-hetes-szulesfelkeszito-tanfolyam-szeptember-4\/"},"wordCount":875,"publisher":{"@id":"https:\/\/treeofhope.ro\/#organization"},"articleSection":["Esemenyek"],"inLanguage":"hu"},{"@type":"WebPage","@id":"https:\/\/treeofhope.ro\/esemenyek\/felkeszules-egy-uj-elet-fogadasara-6-hetes-szulesfelkeszito-tanfolyam-szeptember-4\/","url":"https:\/\/treeofhope.ro\/esemenyek\/felkeszules-egy-uj-elet-fogadasara-6-hetes-szulesfelkeszito-tanfolyam-szeptember-4\/","name":"Felk\u00e9sz\u00fcl\u00e9s egy \u00faj \u00e9let fogad\u00e1s\u00e1ra - 6 hetes sz\u00fcl\u00e9sfelk\u00e9sz\u00edt\u0151 tanfolyam - Szeptember 4. - Tree of Hope","isPartOf":{"@id":"https:\/\/treeofhope.ro\/#website"},"datePublished":"2023-08-23T22:42:41+00:00","dateModified":"2023-08-23T22:48:34+00:00","breadcrumb":{"@id":"https:\/\/treeofhope.ro\/esemenyek\/felkeszules-egy-uj-elet-fogadasara-6-hetes-szulesfelkeszito-tanfolyam-szeptember-4\/#breadcrumb"},"inLanguage":"hu","potentialAction":[{"@type":"ReadAction","target":["https:\/\/treeofhope.ro\/esemenyek\/felkeszules-egy-uj-elet-fogadasara-6-hetes-szulesfelkeszito-tanfolyam-szeptember-4\/"]}]},{"@type":"BreadcrumbList","@id":"https:\/\/treeofhope.ro\/esemenyek\/felkeszules-egy-uj-elet-fogadasara-6-hetes-szulesfelkeszito-tanfolyam-szeptember-4\/#breadcrumb","itemListElement":[{"@type":"ListItem","position":1,"name":"Home","item":"https:\/\/treeofhope.ro\/hu\/"},{"@type":"ListItem","position":2,"name":"Felk\u00e9sz\u00fcl\u00e9s egy \u00faj \u00e9let fogad\u00e1s\u00e1ra &#8211; 6 hetes sz\u00fcl\u00e9sfelk\u00e9sz\u00edt\u0151 tanfolyam &#8211; Szeptember 4."}]},{"@type":"WebSite","@id":"https:\/\/treeofhope.ro\/#website","url":"https:\/\/treeofhope.ro\/","name":"Tree of Hope","description":"Sz\u00fcl\u00e9sfelk\u00e9sz\u00edt\u0151k, csecsem\u0151gondoz\u00e1s, els\u0151seg\u00e9ly tanfolyam, terhestorna.","publisher":{"@id":"https:\/\/treeofhope.ro\/#organization"},"potentialAction":[{"@type":"SearchAction","target":{"@type":"EntryPoint","urlTemplate":"https:\/\/treeofhope.ro\/?s={search_term_string}"},"query-input":"required name=search_term_string"}],"inLanguage":"hu"},{"@type":"Organization","@id":"https:\/\/treeofhope.ro\/#organization","name":"Tree of Hope","url":"https:\/\/treeofhope.ro\/","logo":{"@type":"ImageObject","inLanguage":"hu","@id":"https:\/\/treeofhope.ro\/#\/schema\/logo\/image\/","url":"https:\/\/treeofhope.ro\/wp-content\/uploads\/2023\/04\/logo-treeofhope-150.png","contentUrl":"https:\/\/treeofhope.ro\/wp-content\/uploads\/2023\/04\/logo-treeofhope-150.png","width":150,"height":150,"caption":"Tree of Hope"},"image":{"@id":"https:\/\/treeofhope.ro\/#\/schema\/logo\/image\/"},"sameAs":["https:\/\/www.facebook.com\/profile.php?id=100091503315415"]},{"@type":"Person","@id":"https:\/\/treeofhope.ro\/#\/schema\/person\/baf2daa5a19c6cf3f866a9d4bfa7a4fc","name":"zreka","url":"https:\/\/treeofhope.ro\/hu\/author\/zreka\/"}]}},"_links":{"self":[{"href":"https:\/\/treeofhope.ro\/hu\/wp-json\/wp\/v2\/posts\/744"}],"collection":[{"href":"https:\/\/treeofhope.ro\/hu\/wp-json\/wp\/v2\/posts"}],"about":[{"href":"https:\/\/treeofhope.ro\/hu\/wp-json\/wp\/v2\/types\/post"}],"author":[{"embeddable":true,"href":"https:\/\/treeofhope.ro\/hu\/wp-json\/wp\/v2\/users\/2"}],"replies":[{"embeddable":true,"href":"https:\/\/treeofhope.ro\/hu\/wp-json\/wp\/v2\/comments?post=744"}],"version-history":[{"count":5,"href":"https:\/\/treeofhope.ro\/hu\/wp-json\/wp\/v2\/posts\/744\/revisions"}],"predecessor-version":[{"id":751,"href":"https:\/\/treeofhope.ro\/hu\/wp-json\/wp\/v2\/posts\/744\/revisions\/751"}],"wp:featuredmedia":[{"embeddable":true,"href":"https:\/\/treeofhope.ro\/hu\/wp-json\/wp\/v2\/media\/745"}],"wp:attachment":[{"href":"https:\/\/treeofhope.ro\/hu\/wp-json\/wp\/v2\/media?parent=744"}],"wp:term":[{"taxonomy":"category","embeddable":true,"href":"https:\/\/treeofhope.ro\/hu\/wp-json\/wp\/v2\/categories?post=744"},{"taxonomy":"post_tag","embeddable":true,"href":"https:\/\/treeofhope.ro\/hu\/wp-json\/wp\/v2\/tags?post=744"}],"curies":[{"name":"wp","href":"https:\/\/api.w.org\/{rel}","templated":true}]}}